{"id":1756,"date":"2024-03-08T06:08:41","date_gmt":"2024-03-08T06:08:41","guid":{"rendered":"https:\/\/www.psonimielec.org.pl\/?p=1756"},"modified":"2024-05-24T05:13:49","modified_gmt":"2024-05-24T05:13:49","slug":"integracyjny-plac-zabaw","status":"publish","type":"post","link":"https:\/\/www.psonimielec.org.pl\/index.php\/2024\/03\/08\/integracyjny-plac-zabaw\/","title":{"rendered":"Integracyjny plac zabaw"},"content":{"rendered":"\n<p>Niniejszym informujemy, \u017ce podpisali\u015bmy umow\u0119 na budow\u0119 integracyjnego placu zabaw na terenach zielonych naszej g\u0142\u00f3wnej siedziby. Taka inwestycja mo\u017cliwa jest dzi\u0119ki <a rel=\"noreferrer noopener\" href=\"https:\/\/fundacjadrzewoijutro.org\/\" target=\"_blank\">Fundacji Drzewo i Jutro<\/a>. B\u0119dziemy Pa\u0144stwa informowa\u0107 na bie\u017c\u0105co o post\u0119pach prac.<\/p>\n\n\n\n<figure class=\"wp-block-image size-large\"><img loading=\"lazy\" width=\"1024\" height=\"1024\" src=\"http:\/\/www.psonimielec.org.pl\/wp-content\/uploads\/2024\/03\/309222923_1018464585614468_3485071100629077509_n-1024x1024.jpg\" alt=\"\" class=\"wp-image-1753\" srcset=\"https:\/\/www.psonimielec.org.pl\/wp-content\/uploads\/2024\/03\/309222923_1018464585614468_3485071100629077509_n-1024x1024.jpg 1024w, https:\/\/www.psonimielec.org.pl\/wp-content\/uploads\/2024\/03\/309222923_1018464585614468_3485071100629077509_n-300x300.jpg 300w, https:\/\/www.psonimielec.org.pl\/wp-content\/uploads\/2024\/03\/309222923_1018464585614468_3485071100629077509_n-150x150.jpg 150w, https:\/\/www.psonimielec.org.pl\/wp-content\/uploads\/2024\/03\/309222923_1018464585614468_3485071100629077509_n-768x768.jpg 768w, https:\/\/www.psonimielec.org.pl\/wp-content\/uploads\/2024\/03\/309222923_1018464585614468_3485071100629077509_n-1536x1536.jpg 1536w, https:\/\/www.psonimielec.org.pl\/wp-content\/uploads\/2024\/03\/309222923_1018464585614468_3485071100629077509_n-1200x1200.jpg 1200w, https:\/\/www.psonimielec.org.pl\/wp-content\/uploads\/2024\/03\/309222923_1018464585614468_3485071100629077509_n.jpg 1643w\" sizes=\"(max-width: 1024px) 100vw, 1024px\" \/><\/figure>\n\n\n\n<p><\/p>\n","protected":false},"excerpt":{"rendered":"<p>Niniejszym informujemy, \u017ce podpisali\u015bmy umow\u0119 na budow\u0119 integracyjnego placu zabaw na terenach zielonych naszej g\u0142\u00f3wnej siedziby. Taka inwestycja mo\u017cliwa jest dzi\u0119ki Fundacji Drzewo i Jutro. B\u0119dziemy Pa\u0144stwa informowa\u0107 na bie\u017c\u0105co o post\u0119pach [&hellip;]<\/p>\n","protected":false},"author":4,"featured_media":1763,"comment_status":"open","ping_status":"open","sticky":true,"template":"","format":"standard","meta":[],"categories":[1],"tags":[],"acf":[],"_links":{"self":[{"href":"https:\/\/www.psonimielec.org.pl\/index.php\/wp-json\/wp\/v2\/posts\/1756"}],"collection":[{"href":"https:\/\/www.psonimielec.org.pl\/index.php\/wp-json\/wp\/v2\/posts"}],"about":[{"href":"https:\/\/www.psonimielec.org.pl\/index.php\/wp-json\/wp\/v2\/types\/post"}],"author":[{"embeddable":true,"href":"https:\/\/www.psonimielec.org.pl\/index.php\/wp-json\/wp\/v2\/users\/4"}],"replies":[{"embeddable":true,"href":"https:\/\/www.psonimielec.org.pl\/index.php\/wp-json\/wp\/v2\/comments?post=1756"}],"version-history":[{"count":3,"href":"https:\/\/www.psonimielec.org.pl\/index.php\/wp-json\/wp\/v2\/posts\/1756\/revisions"}],"predecessor-version":[{"id":1759,"href":"https:\/\/www.psonimielec.org.pl\/index.php\/wp-json\/wp\/v2\/posts\/1756\/revisions\/1759"}],"wp:featuredmedia":[{"embeddable":true,"href":"https:\/\/www.psonimielec.org.pl\/index.php\/wp-json\/wp\/v2\/media\/1763"}],"wp:attachment":[{"href":"https:\/\/www.psonimielec.org.pl\/index.php\/wp-json\/wp\/v2\/media?parent=1756"}],"wp:term":[{"taxonomy":"category","embeddable":true,"href":"https:\/\/www.psonimielec.org.pl\/index.php\/wp-json\/wp\/v2\/categories?post=1756"},{"taxonomy":"post_tag","embeddable":true,"href":"https:\/\/www.psonimielec.org.pl\/index.php\/wp-json\/wp\/v2\/tags?post=1756"}],"curies":[{"name":"wp","href":"https:\/\/api.w.org\/{rel}","templated":true}]}}